{"id":100,"date":"2012-10-18T13:55:37","date_gmt":"2012-10-18T10:55:37","guid":{"rendered":"http:\/\/www.radyogencebay.com\/?p=100"},"modified":"2012-10-18T22:35:38","modified_gmt":"2012-10-18T19:35:38","slug":"orhan-baba-icin-32-dev-sahnede","status":"publish","type":"post","link":"https:\/\/radyogencebay.com\/?p=100","title":{"rendered":"&#8216;Orhan Baba&#8217; i\u00e7in 32 dev sahnede"},"content":{"rendered":"<p><span style=\"font-family:Tahoma; font-size:10pt\"><strong><span style=\"color:#666666; background-color:white\">T\u00fcrk m\u00fczi\u011finin \u00fcnl\u00fc ismi <\/span><span style=\"background-color:white\">Orhan Gencebay<span style=\"color:#666666\">&#8216;\u0131n, 32 sanat\u00e7\u0131n\u0131n deste\u011fiyle \u00e7\u0131kard\u0131\u011f\u0131 &#8220;Orhan Gencebay&#8217;la Bir \u00d6m\u00fcr&#8221; alb\u00fcm\u00fc, bug\u00fcn \u0130stanbul Kongre Merkezi&#8217;nde tan\u0131t\u0131lacak<br \/>\n<\/span><\/span><\/strong><\/span><\/p>\n<\/p>\n<p><span style=\"color:black; font-family:Tahoma\"><span style=\"font-size:9pt\"><span style=\"background-color:white\">O<strong> <\/strong>hepimizin <span style=\"color:#3b5998\">Orhan Baba<span style=\"color:black\">&#8216;s\u0131&#8230; Neredeyse bir \u00f6m\u00fcrd\u00fcr bizimle. Her birimizin dilinde ondan bir \u015fark\u0131 var. Bazen &#8220;Bats\u0131n Bu D\u00fcnya&#8221; temennisine can\u0131 g\u00f6n\u00fclden kat\u0131ld\u0131k, bazen &#8220;Vazge\u00e7 G\u00f6nl\u00fcm&#8221; diye m\u0131r\u0131ldand\u0131k. 60&#8217;\u0131nc\u0131 sanat y\u0131l\u0131 da bu &#8220;baba&#8221;l\u0131k unvan\u0131na uygun bir \u015fekilde kutlan\u0131yor. 32 m\u00fczisyenin destek verdi\u011fi &#8220;<span style=\"color:#3b5998\">Orhan Gencebay<span style=\"color:black\"> ile Bir \u00d6m\u00fcr&#8221; alb\u00fcm\u00fc, bu kutlaman\u0131n \u015fahikas\u0131 oldu. \u015eimdi o 32 isim 60&#8217;\u0131nc\u0131 y\u0131l \u00f6zeline dev konser i\u00e7in bir araya geliyor. Ajda Pekkan&#8217;dan Tarkan&#8217;a, Sezen Aksu&#8217;dan Nil\u00fcfer&#8217;e pek \u00e7ok \u015fark\u0131c\u0131n\u0131n Gencebay \u015fark\u0131lar\u0131n\u0131 seslendirdi\u011fi &#8220;Orhan Gencebay ile Bir \u00d6m\u00fcr&#8221; alb\u00fcm\u00fcn\u00fcn tan\u0131t\u0131m\u0131 bug\u00fcn \u0130stanbul Kongre Merkezi&#8217;nde yap\u0131lacak. Alb\u00fcmde yer alan 32 isim, gecede sahneye \u00e7\u0131karak alb\u00fcmde yorumlad\u0131klar\u0131 \u015fark\u0131lar\u0131n\u0131 sahnede de s\u00f6yleyecek. <!--more--><br \/>\n<strong><\/p>\n<p>HER \u0130SME AYRI KUL\u0130S <\/strong><\/span><\/span><\/span><\/span><\/span><br \/><span style=\"background-color:white\">Gece i\u00e7in \u00f6zel sahne tasar\u0131m\u0131 yap\u0131l\u0131rken son teknoloji ses ve \u0131\u015f\u0131k sistemleri ile davetlilere muhte\u015fem bir g\u00f6rsel \u015f\u00f6len sunulacak. Gecede sahneye \u00e7\u0131kacak 32 dev isim i\u00e7in 32 ayr\u0131 kulis haz\u0131rlan\u0131rken, 50 \u00f6zel host ve hostes kulis ekibi olarak g\u00f6revlendirildi. Alb\u00fcmde her biri kendi alan\u0131nda star olan sanat\u00e7\u0131lar\u0131n isimleri de, bir al\u0131nganl\u0131k ya\u015fanmamas\u0131 i\u00e7in alfabetik s\u0131rayla yaz\u0131ld\u0131. Konser i\u00e7in bin 500 ki\u015filik salon yetmedi\u011finden 4 bin ki\u015filik salona ge\u00e7ildi ve LCV rekoru k\u0131r\u0131ld\u0131. Ba\u015fbakan Erdo\u011fan&#8217;\u0131n da kat\u0131lmas\u0131 beklenen konserde LCV yapanlar aras\u0131nda pek \u00e7ok sanat\u00e7\u0131n\u0131n yan\u0131 s\u0131ra, milletvekilleri, b\u00fcrokratlar ve diplomatlar da bulunuyor. Geceye Ortado\u011fu ve Avrupa&#8217;n\u0131n en \u00f6nemli m\u00fczik adamlar\u0131n\u0131n yan\u0131 s\u0131ra Gencebay&#8217;\u0131n Ye\u015fil\u00e7am&#8217;da birlikte rol ald\u0131\u011f\u0131 oyuncular da davet edildi. <strong><\/p>\n<p>ROL ARKADA\u015eLARI DAVETL\u0130<br \/><\/strong>\u0130\u015f,sosyete ve magazin d\u00fcnyas\u0131n\u0131n en \u00f6zel isimlerinin k\u0131rm\u0131z\u0131 hal\u0131da kar\u015f\u0131lanaca\u011f\u0131 \u00f6zel gece i\u00e7in bir\u00e7ok s\u00fcrpriz haz\u0131rland\u0131. &#8220;Orhan Baba&#8217;n\u0131n onur ve gurur gecesine davetlisiniz&#8221; mesaj\u0131 ile g\u00f6nderilen davetiyelerde metalize alt\u0131n yald\u0131z bask\u0131s\u0131 kullan\u0131ld\u0131. 32 dev ismin, ill\u00fcstrasyon tekni\u011fiyle \u00e7izilmi\u015f foto\u011fraflar\u0131yla birlikte Orhan Gencebay portresi ve kral simgesine de davetiyelerde yer verildi. Geceye Ortado\u011fu ve Avrupa&#8217;n\u0131n en \u00f6nemli m\u00fczik adamlar\u0131n\u0131n yan\u0131s\u0131ra, Orhan Gencebay&#8217;\u0131n filmlerinde birlikte rol ald\u0131\u011f\u0131 Ye\u015fil\u00e7am oyuncular\u0131n\u0131n da \u00f6zel davetli oldu\u011fu \u00f6\u011frenildi. <\/span><br \/><span style=\"background-color:white\"><strong><br \/>K\u0130M HANG\u0130 \u015eARKIYI S\u00d6YLEYECEK?<\/strong><\/span><br \/><\/span><span style=\"font-size:7pt; background-color:white\">Ajda Pekkan &#8211; Severek Ayr\u0131lal\u0131m<br \/>\n<\/span><\/span><\/p>\n<p><span style=\"color:black; font-family:Tahoma; font-size:7pt; background-color:white\">Athena &#8211; Bir Araya Gelemeyiz<br \/>\n<\/span><\/p>\n<p><span style=\"color:black; font-family:Tahoma; font-size:7pt; background-color:white\">Berkay &#8211; D\u00fcnya D\u00f6n\u00fcyor<br \/>\n<\/span><\/p>\n<p><span style=\"color:black; font-family:Tahoma; font-size:7pt; background-color:white\">Candan Er\u00e7etin &#8211; Beni B\u00f6yle Sev<br \/>\n<\/span><\/p>\n<p><span style=\"color:black; font-family:Tahoma; font-size:7pt; background-color:white\">Demet Akal\u0131n &#8211; Fark\u0131nda m\u0131s\u0131n<br \/>\n<\/span><\/p>\n<p><span style=\"color:black; font-family:Tahoma; font-size:7pt; background-color:white\">Deniz Seki &#8211; Benim D\u00fcnyam<br \/>\n<\/span><\/p>\n<p><span style=\"color:black; font-family:Tahoma; font-size:7pt; background-color:white\">Duman &#8211; G\u00f6n\u00fcl<br \/>\n<\/span><\/p>\n<p><span style=\"color:black; font-family:Tahoma; font-size:7pt; background-color:white\">Ebru G\u00fcnde\u015f &#8211; Dil Yaras\u0131<br \/>\n<\/span><\/p>\n<p><span style=\"color:black; font-family:Tahoma; font-size:7pt; background-color:white\">Emel Say\u0131n &#8211; Hayat Devam Ediyor<br \/>\n<\/span><\/p>\n<p><span style=\"color:black; font-family:Tahoma; font-size:7pt; background-color:white\">Emre Ayd\u0131n &#8211; Bir Teselli Ver<br \/>\n<\/span><\/p>\n<p><span style=\"color:black; font-family:Tahoma; font-size:7pt; background-color:white\">Hande Yener &#8211; Kaderimin Oyunu<br \/>\n<\/span><\/p>\n<p><span style=\"color:black; font-family:Tahoma; font-size:7pt; background-color:white\">\u0130zel &#8211; Kabahat Seni Sevende<br \/>\n<\/span><\/p>\n<p><span style=\"color:black; font-family:Tahoma; font-size:7pt; background-color:white\">Kutsi &#8211; Ben O Zaman \u00d6l\u00fcr\u00fcm<br \/>\n<\/span><\/p>\n<p><span style=\"color:black; font-family:Tahoma; font-size:7pt; background-color:white\">Manga &#8211; Ya Evde Yoksan<br \/>\n<\/span><\/p>\n<p><span style=\"color:black; font-family:Tahoma; font-size:7pt; background-color:white\">Mustafa Ceceli &#8211; Yarabbim<br \/>\n<\/span><\/p>\n<p><span style=\"color:black; font-family:Tahoma; font-size:7pt; background-color:white\">Mustafa Sandal &#8211; K\u0131r G\u00f6nl\u00fcn\u00fcn Zincirini<br \/>\n<\/span><\/p>\n<p><span style=\"color:black; font-family:Tahoma; font-size:7pt; background-color:white\">Nil\u00fcfer &#8211; Dertler Benim Olsun<br \/>\n<\/span><\/p>\n<p><span style=\"color:black; font-family:Tahoma; font-size:7pt; background-color:white\">N\u00fckhet Duru &#8211; Gitti de Gitti<br \/>\n<\/span><\/p>\n<p><span style=\"color:black; font-family:Tahoma; font-size:7pt; background-color:white\">\u00d6zcan Deniz &#8211; Vazge\u00e7 G\u00f6nl\u00fcm<br \/>\n<\/span><\/p>\n<p><span style=\"color:black; font-family:Tahoma; font-size:7pt; background-color:white\">Rafet El Roman &#8211; Beni Biraz Anlasayd\u0131n<br \/>\n<\/span><\/p>\n<p><span style=\"color:black; font-family:Tahoma; font-size:7pt; background-color:white\">Seksend\u00f6rt &#8211; Dokunma<br \/>\n<\/span><\/p>\n<p><span style=\"color:black; font-family:Tahoma; font-size:7pt; background-color:white\">Serdar Orta\u00e7 &#8211; Hor G\u00f6rme Garibi<br \/>\n<\/span><\/p>\n<p><span style=\"color:black; font-family:Tahoma; font-size:7pt; background-color:white\">Sezen Aksu &#8211; Ak\u015fam G\u00fcne\u015fi<br \/>\n<\/span><\/p>\n<p><span style=\"color:black; font-family:Tahoma; font-size:7pt; background-color:white\">Sibel Can &#8211; Bilmesin O Felek<br \/>\n<\/span><\/p>\n<p><span style=\"color:black; font-family:Tahoma; font-size:7pt; background-color:white\">\u015eevval Sam &#8211; Kahrolay\u0131m<br \/>\n<\/span><\/p>\n<p><span style=\"color:black; font-family:Tahoma; font-size:7pt; background-color:white\">Tarkan &#8211; Hatas\u0131z Kul Olmaz<br \/>\n<\/span><\/p>\n<p><span style=\"color:black; font-family:Tahoma; font-size:7pt; background-color:white\">Volkan Konak &#8211; Gurbet<br \/>\n<\/span><\/p>\n<p><span style=\"color:black; font-family:Tahoma; font-size:7pt; background-color:white\">Ya\u015far &#8211; Yorgun G\u00f6zler<br \/>\n<\/span><\/p>\n<p><span style=\"color:black; font-family:Tahoma; font-size:7pt; background-color:white\">Y\u0131ld\u0131z Tilbe &#8211; A\u015fk\u0131m\u0131 Sakla<br \/>\n<\/span><\/p>\n<p><span style=\"color:black; font-family:Tahoma; font-size:7pt; background-color:white\">Y\u0131ld\u0131z Usmanova &#8211; Neyi De\u011fi\u015ftirdik ki<br \/>\n<\/span><\/p>\n<p><span style=\"color:black; font-family:Tahoma; font-size:7pt; background-color:white\">Zara &#8211; Dilenci<br \/>\n<\/span><\/p>\n<p><span style=\"color:black; font-family:Tahoma; font-size:7pt; background-color:white\">Zerrin \u00d6zer &#8211; Sev Dedi G\u00f6zlerim<br \/>\n<\/span><\/p>\n\n<div class=\"twitter-share\"><a href=\"https:\/\/twitter.com\/intent\/tweet?via=radyogencebay\" class=\"twitter-share-button\">Tweet<\/a><\/div>\n","protected":false},"excerpt":{"rendered":"<p>T\u00fcrk m\u00fczi\u011finin \u00fcnl\u00fc ismi Orhan Gencebay&#8216;\u0131n, 32 sanat\u00e7\u0131n\u0131n deste\u011fiyle \u00e7\u0131kard\u0131\u011f\u0131 &#8220;Orhan Gencebay&#8217;la Bir \u00d6m\u00fcr&#8221; alb\u00fcm\u00fc, bug\u00fcn \u0130stanbul Kongre Merkezi&#8217;nde tan\u0131t\u0131lacak O hepimizin Orhan Baba&#8216;s\u0131&#8230; Neredeyse bir \u00f6m\u00fcrd\u00fcr bizimle. Her birimizin dilinde ondan bir \u015fark\u0131 var. Bazen &#8220;Bats\u0131n Bu D\u00fcnya&#8221; temennisine can\u0131 g\u00f6n\u00fclden kat\u0131ld\u0131k, bazen &#8220;Vazge\u00e7 G\u00f6nl\u00fcm&#8221; diye m\u0131r\u0131ldand\u0131k. 60&#8217;\u0131nc\u0131 sanat y\u0131l\u0131 da bu &#8220;baba&#8221;l\u0131k unvan\u0131na [&hellip;]<\/p>\n","protected":false},"author":1,"featured_media":0,"comment_status":"open","ping_status":"closed","sticky":false,"template":"","format":"standard","meta":{"footnotes":""},"categories":[8],"tags":[57],"class_list":["post-100","post","type-post","status-publish","format-standard","hentry","category-haberler","tag-haberler-yeni-album"],"_links":{"self":[{"href":"https:\/\/radyogencebay.com\/index.php?rest_route=\/wp\/v2\/posts\/100","targetHints":{"allow":["GET"]}}],"collection":[{"href":"https:\/\/radyogencebay.com\/index.php?rest_route=\/wp\/v2\/posts"}],"about":[{"href":"https:\/\/radyogencebay.com\/index.php?rest_route=\/wp\/v2\/types\/post"}],"author":[{"embeddable":true,"href":"https:\/\/radyogencebay.com\/index.php?rest_route=\/wp\/v2\/users\/1"}],"replies":[{"embeddable":true,"href":"https:\/\/radyogencebay.com\/index.php?rest_route=%2Fwp%2Fv2%2Fcomments&post=100"}],"version-history":[{"count":2,"href":"https:\/\/radyogencebay.com\/index.php?rest_route=\/wp\/v2\/posts\/100\/revisions"}],"predecessor-version":[{"id":102,"href":"https:\/\/radyogencebay.com\/index.php?rest_route=\/wp\/v2\/posts\/100\/revisions\/102"}],"wp:attachment":[{"href":"https:\/\/radyogencebay.com\/index.php?rest_route=%2Fwp%2Fv2%2Fmedia&parent=100"}],"wp:term":[{"taxonomy":"category","embeddable":true,"href":"https:\/\/radyogencebay.com\/index.php?rest_route=%2Fwp%2Fv2%2Fcategories&post=100"},{"taxonomy":"post_tag","embeddable":true,"href":"https:\/\/radyogencebay.com\/index.php?rest_route=%2Fwp%2Fv2%2Ftags&post=100"}],"curies":[{"name":"wp","href":"https:\/\/api.w.org\/{rel}","templated":true}]}}