{"id":20,"date":"2010-04-20T15:11:13","date_gmt":"2010-04-20T12:11:13","guid":{"rendered":"http:\/\/www.radyogencebay.com\/?p=20"},"modified":"2010-04-27T21:51:06","modified_gmt":"2010-04-27T18:51:06","slug":"berhudar-ol-cok-yakinda-muzikmarketlerde","status":"publish","type":"post","link":"https:\/\/radyogencebay.com\/?p=20","title":{"rendered":"Berhudar Ol \u00c7ok Yak\u0131nda M\u00fczik Marketlerde!"},"content":{"rendered":"<p><a href=\"https:\/\/www.radyogencebay.com\/wp-content\/uploads\/2010\/04\/BerhudarOl.jpg\"><img decoding=\"async\" class=\"alignleft size-full wp-image-21\" style=\"margin-left: 3px; margin-right: 3px; margin-top: 2px; margin-bottom: 2px; border: 1px solid black;\" title=\"Berh\u00fcdar Ol\" src=\"https:\/\/www.radyogencebay.com\/wp-content\/uploads\/2010\/04\/BerhudarOl.jpg\" alt=\"\" width=\"200\" height=\"200\" srcset=\"https:\/\/radyogencebay.com\/wp-content\/uploads\/2010\/04\/BerhudarOl.jpg 200w, https:\/\/radyogencebay.com\/wp-content\/uploads\/2010\/04\/BerhudarOl-150x150.jpg 150w\" sizes=\"(max-width: 200px) 100vw, 200px\" \/><\/a>B\u00fcy\u00fck \u00fcstad Orhan Gencebay&#8217;\u0131n &#8220;Berh\u00fcdar Ol&#8221; isimli son alb\u00fcm\u00fc <span style=\"color: #ff0000;\"><strong>29 Nisan&#8217;da Vodafone Shoplar ve m\u00fczik marketlerdeki yerini alacak.<\/strong><\/span><\/p>\n<p>B\u00fct\u00fcn Gencebay severlere hay\u0131rl\u0131 olsun. Alb\u00fcm piyasaya \u00e7\u0131kmadan \u00f6nce 4 \u015fark\u0131 vodafone live arac\u0131l\u0131\u011f\u0131yla Gencebay sevenlerle bulu\u015ftu. Tad\u0131ml\u0131k bu 4 eseri g\u00fcn i\u00e7inde radyomuzda dinleme \u015fans\u0131na sahipsiniz.<\/p>\n<p>Bizden ayr\u0131lmay\u0131n&#8230;<\/p>\n<p><strong>Berh\u00fcdar Ol \u015eark\u0131s\u0131 Cep Melodileri :<\/strong><\/p>\n<p><a href=\"https:\/\/www.radyogencebay.com\/wp-content\/uploads\/2010\/04\/berhudarol_melodi1.mp3\">Berh\u00fcdar Ol &#8211; Cep Melodi 1<\/a> | <a href=\"https:\/\/www.radyogencebay.com\/wp-content\/uploads\/2010\/04\/berhudarol_melodi2.mp3\">Berh\u00fcdar Ol &#8211; Cep Melodi 2<\/a> |\u00a0<a href=\"https:\/\/www.radyogencebay.com\/wp-content\/uploads\/2010\/04\/berhudarol_melodi3.mp3\">Berh\u00fcdar Ol &#8211; Cep Melodi 3<\/a><\/p>\n<table id=\"Table4\" border=\"0\" cellspacing=\"0\" cellpadding=\"5\" width=\"100%\">\n<tbody>\n<tr>\n<td colspan=\"2\" width=\"100%\" valign=\"middle\"><strong>Alb\u00fcmdeki Eserler<\/strong><\/td>\n<\/tr>\n<tr>\n<td colspan=\"2\" valign=\"middle\">\n<ol>\n<li>Emaneti Alda G\u00f6t\u00fcr<br \/>\nS\u00f6z &amp; M\u00fczik: Orhan Gencebay<\/li>\n<li>Sevmeyi Bilmiyorlar<br \/>\nS\u00f6z &amp; M\u00fczik: Orhan Gencebay<\/li>\n<li>Berhudar Ol<br \/>\nS\u00f6z &amp; M\u00fczik: Orhan Gencebay<\/li>\n<li>Vatan Sa\u011folsun<br \/>\nS\u00f6z &amp; M\u00fczik: Orhan Gencebay<\/li>\n<li>Sende Mi Kayboldun<br \/>\nS\u00f6z &amp; M\u00fczik: Orhan Gencebay<\/li>\n<li>Sensizlik Yerle Bir Etti<br \/>\nS\u00f6z &amp; M\u00fczik: Orhan Gencebay<\/li>\n<li>Duymad\u0131n Ki<br \/>\nS\u00f6z &amp; M\u00fczik: Orhan Gencebay<\/li>\n<li>Herg\u00fcn Ba\u015fka Ba\u015fka<br \/>\nS\u00f6z &amp; M\u00fczik: Orhan Gencebay<\/li>\n<li>Yaln\u0131zl\u0131k<br \/>\nS\u00f6z: Cemal Safi\u00a0\u00a0\u00a0 M\u00fczik: Orhan Gencebay<\/li>\n<li>Dirili\u015f \/ Etr\u00fcskler\u00a0 ( Enstrumantal )<br \/>\nM\u00fczik: Orhan Gencebay<\/li>\n<\/ol>\n<p><!--more--><\/p>\n<p>T\u00fcrk M\u00fczi\u011finin b\u00fcy\u00fck ustas\u0131 Orhan Gencebay\u2019\u0131n son alb\u00fcm\u00fc \u201cBerhudar Ol\u201d<br \/>\n\u00dc\u00e7 y\u0131ll\u0131k aradan sonra yepyeni eserlerle \u00a0m\u00fczikseverlerle bulu\u015fuyor.<\/p>\n<p>***<\/p>\n<p>Y\u0131llard\u0131r oldu\u011fu gibi bu alb\u00fcmde de t\u00fcm s\u00f6z, m\u00fczik ve aranjeler b\u00fcy\u00fck ustaya ait.<br \/>\nBu alb\u00fcmde de Gencebay T\u00fcrk M\u00fczi\u011finde \u00e7\u0131\u011f\u0131r a\u00e7an kendi yaratt\u0131\u011f\u0131 tarzdaki eserlerle birlikte hem sanat m\u00fczi\u011fi, hem halk m\u00fczi\u011fi yap\u0131lar\u0131nda \u00e7al\u0131\u015fmalara yer vermi\u015f.<\/p>\n<p>***<br \/>\nAlb\u00fcmde Gencebay\u2019\u0131n M\u00fczikal ser\u00fcveninin \u00f6zetini g\u00f6rd\u00fc\u011f\u00fcm\u00fcz \u201cDirili\u015f\u201d adl\u0131 enstr\u00fcmantal eser hem klasik ,hem senfonik ve g\u00f6rkemli bir m\u00fczikal anlay\u0131\u015fla kar\u015f\u0131m\u0131za \u00e7\u0131k\u0131yor.<\/p>\n<p>***<\/p>\n<p>\u201cEmaneti al da g\u00f6t\u00fcr\u201d , \u201cDuymad\u0131n ki\u201d, \u201cSevmeyi bilmiyorlar\u201d romantik duygular\u0131n<br \/>\nterc\u00fcman\u0131 oluyor.<\/p>\n<p>***<br \/>\n\u201cVatan Sa\u011folsun\u201d Vatan sevgisini ve Gencebay\u2019\u0131n anlat\u0131m\u0131yla b\u00fcy\u00fck Kurtulu\u015f Sava\u015f\u0131 destan\u0131n\u0131n o anlat\u0131lmaz duygular\u0131n\u0131 ya\u015fat\u0131yor.<\/p>\n<p>***<br \/>\n\u201cBerhudar Ol\u201d \u00f6\u011f\u00fct veriyor ve Orhan Baba\u2019n\u0131n kimli\u011fini ortaya koyuyor.<\/p>\n<p>***<\/p>\n<p>\u201cYaln\u0131zl\u0131k\u201d b\u00fcy\u00fck s\u00f6z ustas\u0131 , b\u00fcy\u00fck \u015fair Cemal Safi\u2019nin muhte\u015fem kalemiyle ve Gencebay\u2019\u0131n notalar\u0131yla insan\u0131 farkl\u0131 duygulara g\u00f6t\u00fcr\u00fcyor.<\/p>\n<p>***<br \/>\n\u201cSensizlik Yerle Bir Etti\u201d T\u00fcrk Sanat M\u00fczi\u011fi formlar\u0131n\u0131 Klasik Gencebay tarz\u0131 ile b\u00fct\u00fcn\u015felle\u015ftiren Ustan\u0131n farkl\u0131 bir \u00e7al\u0131\u015fmas\u0131.<\/p>\n<p>***<br \/>\n\u201cHerg\u00fcn Ba\u015fka Ba\u015fka\u201d ve \u201cSendemi Kayboldun\u201d insan\u0131 biraz g\u00fcl\u00fcmseten biraz hareketlendiren iki Gencebay Klasi\u011fi.<\/p>\n<p>***<br \/>\nGencebay \u00fc\u00e7 y\u0131ll\u0131k b\u00fcy\u00fck bir emek ve \u00f6zveriyle haz\u0131rlad\u0131\u011f\u0131 \u201cBerhudar Ol\u201d alb\u00fcm\u00fcn\u00fc t\u00fcm sevenlerinin be\u011fenisini gururla sunuyor.<br \/>\nY\u0131llard\u0131r hepimizin hislerine, o klasikle\u015fmi\u015f \u015fark\u0131lar\u0131yla terc\u00fcman olan b\u00fcy\u00fck usta, hayat\u0131m\u0131za yepyeni duygularla gene klasikle\u015fecek eserler kat\u0131yor.<\/p>\n<p>***<br \/>\nBerhudar Olun !<\/td>\n<\/tr>\n<\/tbody>\n<\/table>\n\n<div class=\"twitter-share\"><a href=\"https:\/\/twitter.com\/intent\/tweet?via=radyogencebay\" class=\"twitter-share-button\">Tweet<\/a><\/div>\n","protected":false},"excerpt":{"rendered":"<p>B\u00fcy\u00fck \u00fcstad Orhan Gencebay&#8217;\u0131n &#8220;Berh\u00fcdar Ol&#8221; isimli son alb\u00fcm\u00fc 29 Nisan&#8217;da Vodafone Shoplar ve m\u00fczik marketlerdeki yerini alacak. B\u00fct\u00fcn Gencebay severlere hay\u0131rl\u0131 olsun. Alb\u00fcm piyasaya \u00e7\u0131kmadan \u00f6nce 4 \u015fark\u0131 vodafone live arac\u0131l\u0131\u011f\u0131yla Gencebay sevenlerle bulu\u015ftu. Tad\u0131ml\u0131k bu 4 eseri g\u00fcn i\u00e7inde radyomuzda dinleme \u015fans\u0131na sahipsiniz. Bizden ayr\u0131lmay\u0131n&#8230; Berh\u00fcdar Ol \u015eark\u0131s\u0131 Cep Melodileri : Berh\u00fcdar Ol [&hellip;]<\/p>\n","protected":false},"author":1,"featured_media":0,"comment_status":"open","ping_status":"closed","sticky":false,"template":"","format":"standard","meta":{"footnotes":""},"categories":[8],"tags":[16,13,14,15,17],"class_list":["post-20","post","type-post","status-publish","format-standard","hentry","category-haberler","tag-2010-album","tag-berhudar","tag-berhudar-ol","tag-son-album","tag-yeni-album"],"_links":{"self":[{"href":"https:\/\/radyogencebay.com\/index.php?rest_route=\/wp\/v2\/posts\/20","targetHints":{"allow":["GET"]}}],"collection":[{"href":"https:\/\/radyogencebay.com\/index.php?rest_route=\/wp\/v2\/posts"}],"about":[{"href":"https:\/\/radyogencebay.com\/index.php?rest_route=\/wp\/v2\/types\/post"}],"author":[{"embeddable":true,"href":"https:\/\/radyogencebay.com\/index.php?rest_route=\/wp\/v2\/users\/1"}],"replies":[{"embeddable":true,"href":"https:\/\/radyogencebay.com\/index.php?rest_route=%2Fwp%2Fv2%2Fcomments&post=20"}],"version-history":[{"count":7,"href":"https:\/\/radyogencebay.com\/index.php?rest_route=\/wp\/v2\/posts\/20\/revisions"}],"predecessor-version":[{"id":31,"href":"https:\/\/radyogencebay.com\/index.php?rest_route=\/wp\/v2\/posts\/20\/revisions\/31"}],"wp:attachment":[{"href":"https:\/\/radyogencebay.com\/index.php?rest_route=%2Fwp%2Fv2%2Fmedia&parent=20"}],"wp:term":[{"taxonomy":"category","embeddable":true,"href":"https:\/\/radyogencebay.com\/index.php?rest_route=%2Fwp%2Fv2%2Fcategories&post=20"},{"taxonomy":"post_tag","embeddable":true,"href":"https:\/\/radyogencebay.com\/index.php?rest_route=%2Fwp%2Fv2%2Ftags&post=20"}],"curies":[{"name":"wp","href":"https:\/\/api.w.org\/{rel}","templated":true}]}}