{"id":211,"date":"2023-04-19T12:06:23","date_gmt":"2023-04-19T09:06:23","guid":{"rendered":"https:\/\/radyogencebay.com\/?p=211"},"modified":"2023-09-06T22:55:28","modified_gmt":"2023-09-06T19:55:28","slug":"orhan-gencebaydan-12-yil-aradan-sonra-yeni-album","status":"publish","type":"post","link":"https:\/\/radyogencebay.com\/?p=211","title":{"rendered":"Orhan Gencebay&#8217;dan 12 Y\u0131l Aradan Sonra Yeni Alb\u00fcm!"},"content":{"rendered":"\n<p>Orhan Gencebay&#8217;\u0131n 12 y\u0131l aradan sonra 5 yeni bestesinin yer ald\u0131\u011f\u0131 &#8220;Maske&#8221; isimli alb\u00fcm\u00fc Kervan Plak\u00e7\u0131l\u0131k etiketiyle&nbsp;bug\u00fcn&nbsp;yay\u0131nlanacak.<\/p>\n\n\n\n<figure class=\"wp-block-image size-large\"><img fetchpriority=\"high\" decoding=\"async\" width=\"576\" height=\"1024\" src=\"https:\/\/radyogencebay.com\/wp-content\/uploads\/2023\/04\/Snapinsta.app_341533956_905313950525990_2833241999524808490_n_1284-576x1024.jpg\" alt=\"\" class=\"wp-image-212\" srcset=\"https:\/\/radyogencebay.com\/wp-content\/uploads\/2023\/04\/Snapinsta.app_341533956_905313950525990_2833241999524808490_n_1284-576x1024.jpg 576w, https:\/\/radyogencebay.com\/wp-content\/uploads\/2023\/04\/Snapinsta.app_341533956_905313950525990_2833241999524808490_n_1284-169x300.jpg 169w, https:\/\/radyogencebay.com\/wp-content\/uploads\/2023\/04\/Snapinsta.app_341533956_905313950525990_2833241999524808490_n_1284-768x1365.jpg 768w, https:\/\/radyogencebay.com\/wp-content\/uploads\/2023\/04\/Snapinsta.app_341533956_905313950525990_2833241999524808490_n_1284-864x1536.jpg 864w, https:\/\/radyogencebay.com\/wp-content\/uploads\/2023\/04\/Snapinsta.app_341533956_905313950525990_2833241999524808490_n_1284-1152x2048.jpg 1152w, https:\/\/radyogencebay.com\/wp-content\/uploads\/2023\/04\/Snapinsta.app_341533956_905313950525990_2833241999524808490_n_1284.jpg 1284w\" sizes=\"(max-width: 576px) 100vw, 576px\" \/><\/figure>\n\n\n\n<p>Yar\u0131n t\u00fcm dijital platformlarda m\u00fczikseverlerle bulu\u015facak alb\u00fcm\u00fcn ilk klibi, &#8220;Can\u0131m T\u00fcrkiye&#8217;m&#8221; adl\u0131 esere \u00e7ekildi. Orhan Gencebay, yeni alb\u00fcm\u00fcyle ilgili yapt\u0131\u011f\u0131 a\u00e7\u0131klamada, \u015funlar\u0131 s\u00f6yledi:<\/p>\n\n\n\n<p><strong>&#8220;Merhaba sevgili g\u00f6n\u00fcl dostlar\u0131m. 12 y\u0131ll\u0131k uzun bir aradan sonra 5 yeni bestemden olu\u015fan yeni alb\u00fcm\u00fcm &#8216;Maske&#8217; ve Cumhuriyetimizin 100. y\u0131l\u0131na arma\u011fan etti\u011fim &#8216;Can\u0131m T\u00fcrkiye&#8217;m&#8217; adl\u0131 mar\u015f formundaki eserim, klibiyle 19 Nisan \u00e7ar\u015famba g\u00fcn\u00fc t\u00fcm dijital platformlarda sizlerle bulu\u015facak. Berhudar olun.&#8221;<\/strong><\/p>\n\n\n\n<!--more-->\n\n\n\n<figure class=\"wp-block-image size-large\"><img decoding=\"async\" src=\"https:\/\/cdn1.kralmuzik.com.tr\/media\/img\/920x570\/23-04\/19\/181ee7db-1f86-4bce-aafc-631d97dd026b.jpg\" alt=\"\"\/><\/figure>\n\n\n\n<p>Vatan sevgisini anlatan eserde, sanat\u00e7\u0131ya mehteran ekibi ile senfoni orkestras\u0131 e\u015flik etti. Usta sanat\u00e7\u0131, Cumhuriyetin 100. y\u0131l\u0131na arma\u011fan etti\u011fi eserin s\u00f6z\u00fc, m\u00fczi\u011fi ve d\u00fczenlemesine de imza att\u0131. Gencebay&#8217;a ellerinde T\u00fcrk bayra\u011f\u0131 ta\u015f\u0131yan \u00e7ocuklar\u0131n da e\u015flik etti\u011fi klip, alb\u00fcmle ayn\u0131 anda Kervan Plak\u00e7\u0131l\u0131k YouTube kanal\u0131nda g\u00f6sterime girecek. Orhan Gencebay ile o\u011flu Altan Gencebay&#8217;\u0131n prod\u00fckt\u00f6rl\u00fc\u011f\u00fcn\u00fc \u00fcstlendi\u011fi alb\u00fcmde ayr\u0131ca &#8220;Maske&#8221;, &#8220;Dedikodu&#8221;, &#8220;G\u00f6n\u00fcl Utans\u0131n&#8221; ve &#8220;\u0130syankar De\u011filiz&#8221; adl\u0131 eserler de yer al\u0131yor.<\/p>\n\n\n\n<p><strong>Alb\u00fcm k\u00fcnyesi ve \u015fark\u0131 s\u00f6zleri<\/strong><\/p>\n\n\n\n<p>1.Maske<br>S\u00f6z: Ahmet Sel\u00e7uk \u0130lkan \/ M\u00fczik: Orhan Gencebay<br>2.Dedikodu<br>S\u00f6z &amp; M\u00fczik: Orhan Gencebay<br>3.G\u00f6n\u00fcl Utans\u0131n<br>S\u00f6z: Kemal Ate\u015f \/ M\u00fczik: Orhan Gencebay<br>4.\u0130syankar De\u011filiz<br>S\u00f6z &amp; M\u00fczik: Orhan Gencebay<br>5.Can\u0131m T\u00fcrkiye\u2019m<br>S\u00f6z &amp; M\u00fczik: Orhan Gencebay<br>6.Can\u0131m T\u00fcrkiye\u2019m (Koro Versiyon)<br>S\u00f6z &amp; M\u00fczik: Orhan Gencebay<br>7.Maske (Enstr\u00fcmantal)<br>M\u00fczik: Orhan Gencebay<br>8.Dedikodu (Enstr\u00fcmantal)<br>M\u00fczik: Orhan Gencebay<br>9.G\u00f6n\u00fcl Utans\u0131n (Enstr\u00fcmantal)<br>M\u00fczik: Orhan Gencebay<br>10.\u0130syankar De\u011filiz (Enstr\u00fcmantal)<br>M\u00fczik: Orhan Gencebay<br>11.Can\u0131m T\u00fcrkiye\u2019m (Enstr\u00fcmantal)<br>M\u00fczik: Orhan Gencebay<\/p>\n\n\n\n<p>Yap\u0131m<br>Kervan Plak\u00e7\u0131l\u0131k Kaset\u00e7ilik<\/p>\n\n\n\n<p>Prod\u00fckt\u00f6r<br>Orhan Gencebay &amp; Altan Gencebay<\/p>\n\n\n\n<p>M\u00fczik Y\u00f6netmeni<br>Orhan Gencebay<\/p>\n\n\n\n<p>M\u00fczik Y\u00f6netmen Yard\u0131mc\u0131s\u0131<br>Hakan Sar\u0131ca &amp; Serkan \u00d6zdemir<\/p>\n\n\n\n<p>Genel Koordinat\u00f6r<br>Altan Gencebay &amp; Hakan Sar\u0131ca<\/p>\n\n\n\n<p>Mix &amp; Mastering<br>Emre K\u0131ral<\/p>\n\n\n\n<p>Sound Dan\u0131\u015fman\u0131<br>Mehmet G\u00fcnay (Memo)<\/p>\n\n\n\n<p>St\u00fcdyo<br>Hazel Music Co.<\/p>\n\n\n\n<p>Foto\u011fraflar<br>Ali E\u015fitmez<\/p>\n\n\n\n<p>Grafik Tasar\u0131m<br>\u00d6zg\u00fcr Arcan<\/p>\n\n\n\n<p>ORKESTRA<\/p>\n\n\n\n<p>Kempa Yayl\u0131 Grubu<br>Keman<br>Ayhan \u015eenyaylar<br>Sendur G\u00fczelel<br>Nam\u0131k Ta\u015fp\u0131narl\u0131<br>Adnan Karaduman<br>Baki Kemanc\u0131<\/p>\n\n\n\n<p>\u0130stanbul Strings<br>Keman<br>Umut \u015eenyaylar<br>Y\u0131lmaz Kemanc\u0131<br>Salih Kemanc\u0131<br>\u00d6zdemir G\u00fcz<br>Onur Y\u0131lgar<br>G\u00f6rkem G\u00fcder<\/p>\n\n\n\n<p>Viola<br>Tarkan Bergamal\u0131<br>\u00d6zg\u00fcr Arkun<br>Hasan \u015eavl\u0131<br>Emir Kemanc\u0131<\/p>\n\n\n\n<p>\u00c7ello<br>Timur Atasever<br>\u015eenol Arkun<\/p>\n\n\n\n<p>Davul<br>Mert T\u00fcrkmen<\/p>\n\n\n\n<p>Bass Gitar<br>Eser \u00dcnsalan<\/p>\n\n\n\n<p>Gitar<br>Erdem S\u00f6kmen<\/p>\n\n\n\n<p>Keyboard<br>Turhan Y\u00fckseler<\/p>\n\n\n\n<p>Elektro &amp; Akustik Ba\u011flama<br>Orhan Gencebay<br>Serkan \u00d6zdemir<\/p>\n\n\n\n<p>Buzuki<br>Orhan Gencebay<\/p>\n\n\n\n<p>Piano &amp; Klavyeli \u00c7alg\u0131lar<br>Hakan Sar\u0131ca<\/p>\n\n\n\n<p>Ritm &amp; Perk\u00fcsyon<br>Mehmet Akatay &amp; Hamdi Akatay<\/p>\n\n\n\n<p>Ney &amp; Zurna<br>Ey\u00fcp Hami\u015f<\/p>\n\n\n\n<p>Klarnet<br>B\u00fclent Alt\u0131nba\u015f (Kirpi)<\/p>\n\n\n\n<p>Trompet<br>Mehmet \u00c7elik<\/p>\n\n\n\n<p>Solo \u00c7ello<br>Timur Atasever<\/p>\n\n\n\n<p>Vokaller<br>Ferhan P\u00fcrt\u00fcl<br>Zeynep Atag\u00fcr<br>Elvan Sevim<br>Ceren Tugen<br>Adnan Yavuzer,<br>Hakan \u00dcnl\u00fcler<br>Celal Bakar<br>Emre K\u0131ral<br>Hakan Sar\u0131ca<br>Altan Gencebay<\/p>\n\n\n\n<p>\u00c7ocuk Korosu<br>Zeynep Deniz Demir<br>\u00d6m\u00fcr K\u00fc\u00e7\u00fcki\u011fridere<br>Almila Bilge Okur<br>G\u00fcne\u015f Behiye Alu\u00e7<br>Emir Ali Ayd\u0131n<br>Taner Atakan \u00d6zkan<br>Eren K\u0131ral<\/p>\n\n\n\n<p>MASKE<\/p>\n\n\n\n<p>Herkesin y\u00fcz\u00fcnde ayr\u0131 bir maske<br>D\u00fc\u015fman belli de\u011fil dost belli de\u011fil<br>\u00d6yle bir d\u00fcnyada ya\u015f\u0131yoruz ki<br>Nefret belli de\u011fil a\u015fk belli de\u011fil<\/p>\n\n\n\n<p>Her gelen bir ba\u015fka yaralar bizi<br>Her giden bir ba\u015fka karalar bizi<br>Bo\u015funa su\u00e7lar\u0131z kaderimizi<br>Kader belli de\u011fil su\u00e7 belli de\u011fil<br>Diken belli de\u011fil g\u00fcl belli de\u011fil<\/p>\n\n\n\n<p>Her \u00fcmit bir ba\u015fka yarat\u0131r bizi<br>Her sevda bir ba\u015fka kanat\u0131r bizi<br>Kimler k\u0131rmad\u0131 ki kalplerimizi<br>Seven belli de\u011fil a\u015fk belli de\u011fil<\/p>\n\n\n\n<p>En g\u00fczel haliyle g\u00f6r\u00fcn\u00fcr sana<br>En tatl\u0131 s\u00f6zlerle girer kan\u0131na<br>Oturur a\u015fk ile g\u00f6n\u00fcl taht\u0131na<br>Niyet belli de\u011fil s\u00f6z belli de\u011fil<\/p>\n\n\n\n<p>Nas\u0131l da ge\u00e7iyor o koca y\u0131llar<br>\u00d6mr\u00fcm\u00fcz su gibi i\u00e7iyor y\u0131llar<br>Bir me\u00e7hul adrese \u00e7\u0131k\u0131yor yollar<br>Adres belli de\u011fil yol belli de\u011fil<\/p>\n\n\n\n<p>DED\u0130KODU<\/p>\n\n\n\n<p>Dedikodu dedikodu kim ne dedi kim ne kodu<br>Bir yalana binbir yalan katmak \u015fimdi moda oldu<br>A\u015fk\u0131m\u0131za takm\u0131\u015f can\u0131m\u0131za takm\u0131\u015f sanki \u015feytanla anla\u015fm\u0131\u015f<br>Dedikodu yapa yapa insanl\u0131ktan uzakla\u015fm\u0131\u015f<\/p>\n\n\n\n<p>Bana m\u0131 dedin i\u015fsiz g\u00fc\u00e7s\u00fcz pe\u015fimde geziyor diye (Dedi dedikodu)<br>Kime ne dedin o kendine gelin g\u00fcvey hava at\u0131yor diye (Dedi dedikodu)<br>Yalan de\u011fil mi s\u00f6yle s\u00f6yle, yalan de\u011fil mi s\u00f6yle s\u00f6yle<br>Biz bizi seviyoruz bizi k\u0131skan\u0131yorlar<br>Bana Sevdi\u011fini s\u00f6yle (S\u00f6yle s\u00f6yle s\u00f6yle) sevdi\u011fini s\u00f6yle (Hadi hadi hadi)<\/p>\n\n\n\n<p>(Gel gel gel ) ka\u00e7al\u0131m buradan, (Gel gel gel) gidelim buradan<br>Dedikodunun olmad\u0131\u011f\u0131 ba\u015fka yerlere (Hadi gidelim)<br>(Tut tut tut) ellerimden, (Sar sar sar) sar\u0131l boynuma<br>Hasret kald\u0131k yalans\u0131z o tatl\u0131 dillere (Tatl\u0131 dillere)<br>Acaba var m\u0131 (Var var var) d\u00fcnyada var m\u0131 (Var var yok)<br>Bulamazsak gidecek tek yer kendi d\u00fcnyam\u0131z<\/p>\n\n\n\n<p>Hadi gidelim d\u00fcnyam\u0131za ne ararsak orda var<br>Kapat kay\u0131y\u0131 aram\u0131za girmesin dedikoducular<br>Gel gidelim d\u00fcnyam\u0131za mutluluklar orda var<br>Kapat kap\u0131y\u0131 aram\u0131za girmesin<br>Yalanc\u0131 vefas\u0131zlar kapat kap\u0131y\u0131<\/p>\n\n\n\n<p>Kim ki sana bir s\u00f6z verse laf m\u0131 s\u00f6z m\u00fc anla onu<br>Bel ki yalan bel ki ger\u00e7ek ne olursa olsun konu<br>Bakt\u0131n kand\u0131rmak istiyor bir yalan be\u015f kat\u0131yor<br>Seni ikna etmek i\u00e7in yalandan bile a\u011fl\u0131yor<br>Hi\u00e7 durmadan ka\u00e7 oradan<br>Kurtul git o dedikodulardan<\/p>\n\n\n\n<p>Bu d\u00fcnyay\u0131 ya\u015fatan tek g\u00fc\u00e7 a\u015fkt\u0131r sevgidir (A\u015fk a\u015fk a\u015fk)<br>Sevmeyenle sevenin hali yapt\u0131\u011f\u0131ndan bellidir (Belli belli belli)<br>Do\u011fru de\u011fil mi s\u00f6yle s\u00f6yle seven c\u00f6mert sevmeyen cimri<br>Biz bizi seviyoruz bizi k\u0131skan\u0131yorlar<br>Beni seviyorsun de\u011fil mi (Evet evet evet)<br>Beni istiyorsun de\u011fil mi (Evet evet evet)<\/p>\n\n\n\n<p>(Dedikodu hepsi) yalanc\u0131 bunlar<br>(Bizi ay\u0131rmak i\u00e7in) u\u011fra\u015fanlar<br>Bunu yapanlar insanl\u0131\u011fa d\u00fc\u015fman olanlar<br>(Dedikoducu ki\u015fi) yuvalar y\u0131karm\u0131\u015f<br>(Ben ne yapt\u0131m dermi\u015f) lafa laf katarm\u0131\u015f<br>Bir bakars\u0131n herkesi su\u00e7lar \u00fcste \u00e7\u0131karm\u0131\u015f<br>(Aman aman aman)<\/p>\n\n\n\n<p>\u00c7ivisi \u00e7\u0131km\u0131\u015f (\u00c7ivisi mi \u00e7\u0131kt\u0131) koca d\u00fcnyan\u0131n (Koca d\u00fcnyan\u0131n)<br>Yatacak yeri yok d\u00fcnyada dedikodu yapan\u0131n<\/p>\n\n\n\n<p>Bana m\u0131 dedin i\u015fsiz g\u00fc\u00e7s\u00fcz pe\u015fimde geziyor diye (Dedi dedikodu)<br>Kime ne dedin o kendine gelin g\u00fcvey hava at\u0131yor diye (Dedi dedikodu)<br>Gel gidelim d\u00fcnyam\u0131za mutluluklar orda var (Dedi dedikodu)<br>Kapat kay\u0131y\u0131 aram\u0131za girmesin dedikoducular<br>Kapat kap\u0131y\u0131<\/p>\n\n\n\n<p>G\u00d6N\u00dcL UTANSIN<\/p>\n\n\n\n<p>A\u011flas\u0131n g\u00f6zlerim yeter benim ol<br>Sevda ol yanmayan g\u00f6n\u00fcl utans\u0131n<br>Cehennem misali ci\u011ferime dol<br>Ate\u015f ol yanmayan y\u00fcrek utans\u0131n<\/p>\n\n\n\n<p>\u0130ster r\u00fcyamda ol ister h\u00fclyamda<br>Dilersen serap ol g\u00f6r\u00fcn arada<br>Sevgiye kurulan g\u00f6n\u00fcl soframda<br>Kat\u0131k ol pi\u015fmeyen a\u015f\u0131m utans\u0131n<br>Sevda ol yanmayan g\u00f6n\u00fcl utans\u0131n<\/p>\n\n\n\n<p>Duamda sen vars\u0131n her niyaz\u0131mda<br>Hem k\u0131\u015f\u0131mda sakl\u0131s\u0131n hem de yaz\u0131mda<br>Sevdaya k\u0131l\u0131nan a\u015fk namaz\u0131mda<br>Secde ol varmayan ba\u015f\u0131m utans\u0131n<\/p>\n\n\n\n<p>Sen vars\u0131n inan ki gerisi yalan<br>A\u015fk\u0131nd\u0131r g\u00f6z\u00fcme ya\u015f olup dolan<br>Vuslat\u0131n an\u0131nda nefesim alan<br>Ecel ol \u00e7\u0131kmayan can\u0131m utans\u0131n<br>Sevda ol yanmayan g\u00f6n\u00fcl utans\u0131n<\/p>\n\n\n\n<p>\u0130SYANKAR DE\u011e\u0130L\u0130Z<\/p>\n\n\n\n<p>\u0130syankar de\u011filiz asi de\u011filiz<br>Ekme\u011fimize bile g\u00f6z dikenler var<br>Ba hak cinayetidir raz\u0131 de\u011filiz<br>Ya\u015fama hakk\u0131m\u0131z\u0131 gasp edenler var<\/p>\n\n\n\n<p>Kirli ellerini \u00e7ek d\u00fcnyam\u0131zdan<br>Ruhunu paraya satan veren ey me\u00e7hul insan<br>Maksad\u0131n bizleri yok etmek ise<br>As\u0131l sen yok olacaks\u0131n bedduam\u0131zdan<\/p>\n\n\n\n<p>Hey insanlar hey d\u00fcnya insanl\u0131k yok oluyor<br>Sessiz mi kalaca\u011f\u0131z vah\u015fet durmak bilmiyor<br>Hepimizi yaratan bir Allah ayn\u0131 Allah de\u011fil mi<br>Karde\u015f\u00e7e birle\u015felim \u00e7are bizi bekliyor<\/p>\n\n\n\n<p>Dilimiz dinimiz ayr\u0131 da olsa biz topraktan do\u011fmu\u015fuz<br>A\u015fk\u0131m\u0131z \u015fark\u0131m\u0131z vicdan\u0131m\u0131z ayn\u0131 insanca varolmu\u015fuz<\/p>\n\n\n\n<p>Allah Allah Allah diyelim<br>K\u00f6t\u00fcleri yok edelim<br>Allah Allah Allah diyelim<br>Karde\u015f\u00e7e birle\u015felim<\/p>\n\n\n\n<p>Bu d\u00fcnya baban\u0131n mal\u0131m\u0131 senin<br>Ya\u015fayan her canl\u0131n\u0131n ya\u015fama hakk\u0131 var var<br>Kader hak edilendir demi\u015f \u00dcstad<br>Allah\u2019\u0131n ilahi adaleti var<\/p>\n\n\n\n<p>Kirli ellerini \u00e7ek d\u00fcnyam\u0131zda<br>Utanm\u0131yor musun hala sen bu yapt\u0131klar\u0131ndan<br>D\u00fcnyaya g\u00f6zya\u015f\u0131 d\u00f6kt\u00fcyorsun<br>Ne istersin d\u00fcnyan\u0131n dert mahkumlar\u0131ndan<\/p>\n\n\n\n<p>CANIM T\u00dcRK\u0130YE\u2019M<\/p>\n\n\n\n<p>Sen benim cennetim h\u00fcr vatan\u0131ms\u0131n<br>Sen benim ecdad\u0131m\u0131n yadigar\u0131s\u0131n<br>Varl\u0131\u011f\u0131m u\u011fruna arma\u011fan olsun<br>Vatan\u0131m topra\u011f\u0131m Can\u0131m T\u00fcrkiye\u2019m<\/p>\n\n\n\n<p>U\u011frunda can veren canlar\u0131m\u0131zla<br>\u00c7\u0131kt\u0131k sonsuza bayra\u011f\u0131m\u0131zla<br>Allah\u2019\u0131n yolunda iman\u0131m\u0131zla<br>Biz bize yeteriz Can\u0131m T\u00fcrkiye\u2019m<\/p>\n\n\n\n<p>Hem ekme\u011fim hem suyumsun<br>Vaz ge\u00e7ilmez namusumsun<br>A\u015f\u0131\u011f\u0131n\u0131m d\u00fcnya duysun<br>Can\u0131m T\u00fcrkiye\u2019m<\/p>\n\n\n\n<p>Biz bir \u00f6l\u00fcr\u00fcz bin diriliriz<br>Biz senin ebedi askerleriniz<br>Biz \u015fehadetide gurur biliriz<br>Gururum onurum Can\u0131m T\u00fcrkiye\u2019m<\/p>\n\n\n\n<p>U\u011frunda can veren canlar\u0131m\u0131zla<br>\u00c7\u0131kt\u0131k sonsuza bayra\u011f\u0131m\u0131zla<br>Allah\u2019\u0131n yolunda iman\u0131m\u0131zla<br>Biz bize yeteriz Can\u0131m T\u00fcrkiye\u2019m<\/p>\n\n\n\n<p>Hem ekme\u011fim hem suyumsun<br>Vaz ge\u00e7ilmez namusumsun<br>A\u015f\u0131\u011f\u0131n\u0131m d\u00fcnya duysun<br>Can\u0131m T\u00fcrkiye\u2019m<\/p>\n\n<div class=\"twitter-share\"><a href=\"https:\/\/twitter.com\/intent\/tweet?via=radyogencebay\" class=\"twitter-share-button\">Tweet<\/a><\/div>\n","protected":false},"excerpt":{"rendered":"<p>Orhan Gencebay&#8217;\u0131n 12 y\u0131l aradan sonra 5 yeni bestesinin yer ald\u0131\u011f\u0131 &#8220;Maske&#8221; isimli alb\u00fcm\u00fc Kervan Plak\u00e7\u0131l\u0131k etiketiyle&nbsp;bug\u00fcn&nbsp;yay\u0131nlanacak. Yar\u0131n t\u00fcm dijital platformlarda m\u00fczikseverlerle bulu\u015facak alb\u00fcm\u00fcn ilk klibi, &#8220;Can\u0131m T\u00fcrkiye&#8217;m&#8221; adl\u0131 esere \u00e7ekildi. Orhan Gencebay, yeni alb\u00fcm\u00fcyle ilgili yapt\u0131\u011f\u0131 a\u00e7\u0131klamada, \u015funlar\u0131 s\u00f6yledi: &#8220;Merhaba sevgili g\u00f6n\u00fcl dostlar\u0131m. 12 y\u0131ll\u0131k uzun bir aradan sonra 5 yeni bestemden olu\u015fan yeni [&hellip;]<\/p>\n","protected":false},"author":1,"featured_media":0,"comment_status":"closed","ping_status":"closed","sticky":false,"template":"","format":"standard","meta":{"footnotes":""},"categories":[1],"tags":[],"class_list":["post-211","post","type-post","status-publish","format-standard","hentry","category-genel"],"_links":{"self":[{"href":"https:\/\/radyogencebay.com\/index.php?rest_route=\/wp\/v2\/posts\/211","targetHints":{"allow":["GET"]}}],"collection":[{"href":"https:\/\/radyogencebay.com\/index.php?rest_route=\/wp\/v2\/posts"}],"about":[{"href":"https:\/\/radyogencebay.com\/index.php?rest_route=\/wp\/v2\/types\/post"}],"author":[{"embeddable":true,"href":"https:\/\/radyogencebay.com\/index.php?rest_route=\/wp\/v2\/users\/1"}],"replies":[{"embeddable":true,"href":"https:\/\/radyogencebay.com\/index.php?rest_route=%2Fwp%2Fv2%2Fcomments&post=211"}],"version-history":[{"count":5,"href":"https:\/\/radyogencebay.com\/index.php?rest_route=\/wp\/v2\/posts\/211\/revisions"}],"predecessor-version":[{"id":222,"href":"https:\/\/radyogencebay.com\/index.php?rest_route=\/wp\/v2\/posts\/211\/revisions\/222"}],"wp:attachment":[{"href":"https:\/\/radyogencebay.com\/index.php?rest_route=%2Fwp%2Fv2%2Fmedia&parent=211"}],"wp:term":[{"taxonomy":"category","embeddable":true,"href":"https:\/\/radyogencebay.com\/index.php?rest_route=%2Fwp%2Fv2%2Fcategories&post=211"},{"taxonomy":"post_tag","embeddable":true,"href":"https:\/\/radyogencebay.com\/index.php?rest_route=%2Fwp%2Fv2%2Ftags&post=211"}],"curies":[{"name":"wp","href":"https:\/\/api.w.org\/{rel}","templated":true}]}}